{"id":776,"date":"2018-03-22T13:00:28","date_gmt":"2018-03-22T12:00:28","guid":{"rendered":"http:\/\/axholmen.se\/?p=776"},"modified":"2018-03-28T10:37:19","modified_gmt":"2018-03-28T08:37:19","slug":"konferensresa-vail","status":"publish","type":"post","link":"https:\/\/axholmen.com\/sv\/work-at-axholmen\/konferensresa-vail\/","title":{"rendered":"Konferensresa &#8211; Vail"},"content":{"rendered":"<p>\u00c5rets skidresa gick till Vail i Colorado d\u00e4r vi fick fyra fantastiska dagar fyllda av fram\u00e5tblickande strategiarbete, teambuilding och skid\u00e5kning. P\u00e5 bilden syns Snabba gruppen som ut\u00f6ver att ta de flesta double diamond-backarna \u00e4ven lyckades hitta bra off-pist-\u00e5kning. Lite l\u00e4ngre ned i dalen k\u00e4mpade Skidskolegruppen medan Njutargruppen hann f\u00e5 till n\u00e5gra \u00e5k mellan sovmorgon, l\u00e5nglunch och att paxa bra bord till after ski:n.<\/p>\n<figure><img loading=\"lazy\" decoding=\"async\" class=\"alignnone size-full wp-image-778\" src=\"http:\/\/axholmen.se\/wp-content\/uploads\/2018\/03\/wordle_vail.png\" alt=\"\" width=\"533\" height=\"326\" \/><\/figure>\n","protected":false},"excerpt":{"rendered":"<p>Skidresan 2018 gick till Vail, Colorado. Fantastiska dagar i backarna, h\u00e4rlig st\u00e4mning bland kollegor och givande konferens med &#8221;Axholmen strategi 2022&#8221; p\u00e5 agendan.<\/p>\n","protected":false},"author":6,"featured_media":779,"comment_status":"open","ping_status":"open","sticky":false,"template":"","format":"standard","meta":{"_acf_changed":false,"footnotes":""},"categories":[11],"tags":[],"class_list":["post-776","post","type-post","status-publish","format-standard","has-post-thumbnail","hentry","category-work-at-axholmen"],"acf":[],"yoast_head":"<!-- This site is optimized with the Yoast SEO plugin v27.5 - https:\/\/yoast.com\/product\/yoast-seo-wordpress\/ -->\n<title>Konferensresa - Vail - Axholmen<\/title>\n<meta name=\"robots\" content=\"index, follow, max-snippet:-1, max-image-preview:large, max-video-preview:-1\" \/>\n<link rel=\"canonical\" href=\"https:\/\/axholmen.com\/sv\/work-at-axholmen\/konferensresa-vail\/\" \/>\n<meta property=\"og:locale\" content=\"sv_SE\" \/>\n<meta property=\"og:type\" content=\"article\" \/>\n<meta property=\"og:title\" content=\"Konferensresa - Vail - Axholmen\" \/>\n<meta property=\"og:description\" content=\"Skidresan 2018 gick till Vail, Colorado. Fantastiska dagar i backarna, h\u00e4rlig st\u00e4mning bland kollegor och givande konferens med &quot;Axholmen strategi 2022&quot; p\u00e5 agendan.\" \/>\n<meta property=\"og:url\" content=\"https:\/\/axholmen.com\/sv\/work-at-axholmen\/konferensresa-vail\/\" \/>\n<meta property=\"og:site_name\" content=\"Axholmen\" \/>\n<meta property=\"article:published_time\" content=\"2018-03-22T12:00:28+00:00\" \/>\n<meta property=\"article:modified_time\" content=\"2018-03-28T08:37:19+00:00\" \/>\n<meta property=\"og:image\" content=\"https:\/\/axholmen.com\/wp-content\/uploads\/2018\/03\/vail-e1522226225903.jpg\" \/>\n\t<meta property=\"og:image:width\" content=\"4021\" \/>\n\t<meta property=\"og:image:height\" content=\"1844\" \/>\n\t<meta property=\"og:image:type\" content=\"image\/jpeg\" \/>\n<meta name=\"author\" content=\"Jenny Hasselblad\" \/>\n<meta name=\"twitter:card\" content=\"summary_large_image\" \/>\n<meta name=\"twitter:label1\" content=\"Skriven av\" \/>\n\t<meta name=\"twitter:data1\" content=\"Jenny Hasselblad\" \/>\n<script type=\"application\/ld+json\" class=\"yoast-schema-graph\">{\"@context\":\"https:\\\/\\\/schema.org\",\"@graph\":[{\"@type\":\"Article\",\"@id\":\"https:\\\/\\\/axholmen.com\\\/sv\\\/work-at-axholmen\\\/konferensresa-vail\\\/#article\",\"isPartOf\":{\"@id\":\"https:\\\/\\\/axholmen.com\\\/sv\\\/work-at-axholmen\\\/konferensresa-vail\\\/\"},\"author\":{\"name\":\"Jenny Hasselblad\",\"@id\":\"https:\\\/\\\/axholmen.com\\\/#\\\/schema\\\/person\\\/a871e72ddfd47b6f11bdd561d17c833a\"},\"headline\":\"Konferensresa &#8211; Vail\",\"datePublished\":\"2018-03-22T12:00:28+00:00\",\"dateModified\":\"2018-03-28T08:37:19+00:00\",\"mainEntityOfPage\":{\"@id\":\"https:\\\/\\\/axholmen.com\\\/sv\\\/work-at-axholmen\\\/konferensresa-vail\\\/\"},\"wordCount\":76,\"commentCount\":0,\"image\":{\"@id\":\"https:\\\/\\\/axholmen.com\\\/sv\\\/work-at-axholmen\\\/konferensresa-vail\\\/#primaryimage\"},\"thumbnailUrl\":\"https:\\\/\\\/axholmen.com\\\/wp-content\\\/uploads\\\/2018\\\/03\\\/vail-e1522226225903.jpg\",\"articleSection\":[\"Work at Axholmen\"],\"inLanguage\":\"sv-SE\",\"potentialAction\":[{\"@type\":\"CommentAction\",\"name\":\"Comment\",\"target\":[\"https:\\\/\\\/axholmen.com\\\/sv\\\/work-at-axholmen\\\/konferensresa-vail\\\/#respond\"]}]},{\"@type\":\"WebPage\",\"@id\":\"https:\\\/\\\/axholmen.com\\\/sv\\\/work-at-axholmen\\\/konferensresa-vail\\\/\",\"url\":\"https:\\\/\\\/axholmen.com\\\/sv\\\/work-at-axholmen\\\/konferensresa-vail\\\/\",\"name\":\"Konferensresa - Vail - Axholmen\",\"isPartOf\":{\"@id\":\"https:\\\/\\\/axholmen.com\\\/#website\"},\"primaryImageOfPage\":{\"@id\":\"https:\\\/\\\/axholmen.com\\\/sv\\\/work-at-axholmen\\\/konferensresa-vail\\\/#primaryimage\"},\"image\":{\"@id\":\"https:\\\/\\\/axholmen.com\\\/sv\\\/work-at-axholmen\\\/konferensresa-vail\\\/#primaryimage\"},\"thumbnailUrl\":\"https:\\\/\\\/axholmen.com\\\/wp-content\\\/uploads\\\/2018\\\/03\\\/vail-e1522226225903.jpg\",\"datePublished\":\"2018-03-22T12:00:28+00:00\",\"dateModified\":\"2018-03-28T08:37:19+00:00\",\"author\":{\"@id\":\"https:\\\/\\\/axholmen.com\\\/#\\\/schema\\\/person\\\/a871e72ddfd47b6f11bdd561d17c833a\"},\"breadcrumb\":{\"@id\":\"https:\\\/\\\/axholmen.com\\\/sv\\\/work-at-axholmen\\\/konferensresa-vail\\\/#breadcrumb\"},\"inLanguage\":\"sv-SE\",\"potentialAction\":[{\"@type\":\"ReadAction\",\"target\":[\"https:\\\/\\\/axholmen.com\\\/sv\\\/work-at-axholmen\\\/konferensresa-vail\\\/\"]}]},{\"@type\":\"ImageObject\",\"inLanguage\":\"sv-SE\",\"@id\":\"https:\\\/\\\/axholmen.com\\\/sv\\\/work-at-axholmen\\\/konferensresa-vail\\\/#primaryimage\",\"url\":\"https:\\\/\\\/axholmen.com\\\/wp-content\\\/uploads\\\/2018\\\/03\\\/vail-e1522226225903.jpg\",\"contentUrl\":\"https:\\\/\\\/axholmen.com\\\/wp-content\\\/uploads\\\/2018\\\/03\\\/vail-e1522226225903.jpg\",\"width\":4021,\"height\":1844},{\"@type\":\"BreadcrumbList\",\"@id\":\"https:\\\/\\\/axholmen.com\\\/sv\\\/work-at-axholmen\\\/konferensresa-vail\\\/#breadcrumb\",\"itemListElement\":[{\"@type\":\"ListItem\",\"position\":1,\"name\":\"Axholmen\",\"item\":\"https:\\\/\\\/axholmen.com\\\/sv\\\/\"},{\"@type\":\"ListItem\",\"position\":2,\"name\":\"Konferensresa &#8211; Vail\"}]},{\"@type\":\"WebSite\",\"@id\":\"https:\\\/\\\/axholmen.com\\\/#website\",\"url\":\"https:\\\/\\\/axholmen.com\\\/\",\"name\":\"Axholmen\",\"description\":\"\",\"potentialAction\":[{\"@type\":\"SearchAction\",\"target\":{\"@type\":\"EntryPoint\",\"urlTemplate\":\"https:\\\/\\\/axholmen.com\\\/?s={search_term_string}\"},\"query-input\":{\"@type\":\"PropertyValueSpecification\",\"valueRequired\":true,\"valueName\":\"search_term_string\"}}],\"inLanguage\":\"sv-SE\"},{\"@type\":\"Person\",\"@id\":\"https:\\\/\\\/axholmen.com\\\/#\\\/schema\\\/person\\\/a871e72ddfd47b6f11bdd561d17c833a\",\"name\":\"Jenny Hasselblad\",\"image\":{\"@type\":\"ImageObject\",\"inLanguage\":\"sv-SE\",\"@id\":\"https:\\\/\\\/axholmen.com\\\/wp-content\\\/uploads\\\/2022\\\/09\\\/jenny-hasselblad.png\",\"url\":\"https:\\\/\\\/axholmen.com\\\/wp-content\\\/uploads\\\/2022\\\/09\\\/jenny-hasselblad.png\",\"contentUrl\":\"https:\\\/\\\/axholmen.com\\\/wp-content\\\/uploads\\\/2022\\\/09\\\/jenny-hasselblad.png\",\"caption\":\"Jenny Hasselblad\"},\"description\":\"Bakgrund Tidigare erfarenhet fr\u00e5n hotellbranschen och senast som Hotellchef f\u00f6r tre hotell i Stockholm City. Vad som motiverar mig Att, genom en h\u00f6g serviceniv\u00e5 och ett stort eget ansvar i att driva f\u00f6rb\u00e4ttringsinitiativ, bidra till att Axholmen v\u00e4xer och utvecklas. Varf\u00f6r jag valt att arbeta p\u00e5 Axholmen Sunda v\u00e4rderingar, en \u00f6ppen och prestigel\u00f6s kultur samt ett h\u00e4rligt, engagerat och drivet g\u00e4ng. Perfect match!\",\"sameAs\":[\"jennyhasselblad\\\/\"],\"url\":\"https:\\\/\\\/axholmen.com\\\/sv\\\/author\\\/jenny-hasselblad\\\/\"}]}<\/script>\n<!-- \/ Yoast SEO plugin. -->","yoast_head_json":{"title":"Konferensresa - Vail - Axholmen","robots":{"index":"index","follow":"follow","max-snippet":"max-snippet:-1","max-image-preview":"max-image-preview:large","max-video-preview":"max-video-preview:-1"},"canonical":"https:\/\/axholmen.com\/sv\/work-at-axholmen\/konferensresa-vail\/","og_locale":"sv_SE","og_type":"article","og_title":"Konferensresa - Vail - Axholmen","og_description":"Skidresan 2018 gick till Vail, Colorado. Fantastiska dagar i backarna, h\u00e4rlig st\u00e4mning bland kollegor och givande konferens med \"Axholmen strategi 2022\" p\u00e5 agendan.","og_url":"https:\/\/axholmen.com\/sv\/work-at-axholmen\/konferensresa-vail\/","og_site_name":"Axholmen","article_published_time":"2018-03-22T12:00:28+00:00","article_modified_time":"2018-03-28T08:37:19+00:00","og_image":[{"width":4021,"height":1844,"url":"https:\/\/axholmen.com\/wp-content\/uploads\/2018\/03\/vail-e1522226225903.jpg","type":"image\/jpeg"}],"author":"Jenny Hasselblad","twitter_card":"summary_large_image","twitter_misc":{"Skriven av":"Jenny Hasselblad"},"schema":{"@context":"https:\/\/schema.org","@graph":[{"@type":"Article","@id":"https:\/\/axholmen.com\/sv\/work-at-axholmen\/konferensresa-vail\/#article","isPartOf":{"@id":"https:\/\/axholmen.com\/sv\/work-at-axholmen\/konferensresa-vail\/"},"author":{"name":"Jenny Hasselblad","@id":"https:\/\/axholmen.com\/#\/schema\/person\/a871e72ddfd47b6f11bdd561d17c833a"},"headline":"Konferensresa &#8211; Vail","datePublished":"2018-03-22T12:00:28+00:00","dateModified":"2018-03-28T08:37:19+00:00","mainEntityOfPage":{"@id":"https:\/\/axholmen.com\/sv\/work-at-axholmen\/konferensresa-vail\/"},"wordCount":76,"commentCount":0,"image":{"@id":"https:\/\/axholmen.com\/sv\/work-at-axholmen\/konferensresa-vail\/#primaryimage"},"thumbnailUrl":"https:\/\/axholmen.com\/wp-content\/uploads\/2018\/03\/vail-e1522226225903.jpg","articleSection":["Work at Axholmen"],"inLanguage":"sv-SE","potentialAction":[{"@type":"CommentAction","name":"Comment","target":["https:\/\/axholmen.com\/sv\/work-at-axholmen\/konferensresa-vail\/#respond"]}]},{"@type":"WebPage","@id":"https:\/\/axholmen.com\/sv\/work-at-axholmen\/konferensresa-vail\/","url":"https:\/\/axholmen.com\/sv\/work-at-axholmen\/konferensresa-vail\/","name":"Konferensresa - Vail - Axholmen","isPartOf":{"@id":"https:\/\/axholmen.com\/#website"},"primaryImageOfPage":{"@id":"https:\/\/axholmen.com\/sv\/work-at-axholmen\/konferensresa-vail\/#primaryimage"},"image":{"@id":"https:\/\/axholmen.com\/sv\/work-at-axholmen\/konferensresa-vail\/#primaryimage"},"thumbnailUrl":"https:\/\/axholmen.com\/wp-content\/uploads\/2018\/03\/vail-e1522226225903.jpg","datePublished":"2018-03-22T12:00:28+00:00","dateModified":"2018-03-28T08:37:19+00:00","author":{"@id":"https:\/\/axholmen.com\/#\/schema\/person\/a871e72ddfd47b6f11bdd561d17c833a"},"breadcrumb":{"@id":"https:\/\/axholmen.com\/sv\/work-at-axholmen\/konferensresa-vail\/#breadcrumb"},"inLanguage":"sv-SE","potentialAction":[{"@type":"ReadAction","target":["https:\/\/axholmen.com\/sv\/work-at-axholmen\/konferensresa-vail\/"]}]},{"@type":"ImageObject","inLanguage":"sv-SE","@id":"https:\/\/axholmen.com\/sv\/work-at-axholmen\/konferensresa-vail\/#primaryimage","url":"https:\/\/axholmen.com\/wp-content\/uploads\/2018\/03\/vail-e1522226225903.jpg","contentUrl":"https:\/\/axholmen.com\/wp-content\/uploads\/2018\/03\/vail-e1522226225903.jpg","width":4021,"height":1844},{"@type":"BreadcrumbList","@id":"https:\/\/axholmen.com\/sv\/work-at-axholmen\/konferensresa-vail\/#breadcrumb","itemListElement":[{"@type":"ListItem","position":1,"name":"Axholmen","item":"https:\/\/axholmen.com\/sv\/"},{"@type":"ListItem","position":2,"name":"Konferensresa &#8211; Vail"}]},{"@type":"WebSite","@id":"https:\/\/axholmen.com\/#website","url":"https:\/\/axholmen.com\/","name":"Axholmen","description":"","potentialAction":[{"@type":"SearchAction","target":{"@type":"EntryPoint","urlTemplate":"https:\/\/axholmen.com\/?s={search_term_string}"},"query-input":{"@type":"PropertyValueSpecification","valueRequired":true,"valueName":"search_term_string"}}],"inLanguage":"sv-SE"},{"@type":"Person","@id":"https:\/\/axholmen.com\/#\/schema\/person\/a871e72ddfd47b6f11bdd561d17c833a","name":"Jenny Hasselblad","image":{"@type":"ImageObject","inLanguage":"sv-SE","@id":"https:\/\/axholmen.com\/wp-content\/uploads\/2022\/09\/jenny-hasselblad.png","url":"https:\/\/axholmen.com\/wp-content\/uploads\/2022\/09\/jenny-hasselblad.png","contentUrl":"https:\/\/axholmen.com\/wp-content\/uploads\/2022\/09\/jenny-hasselblad.png","caption":"Jenny Hasselblad"},"description":"Bakgrund Tidigare erfarenhet fr\u00e5n hotellbranschen och senast som Hotellchef f\u00f6r tre hotell i Stockholm City. Vad som motiverar mig Att, genom en h\u00f6g serviceniv\u00e5 och ett stort eget ansvar i att driva f\u00f6rb\u00e4ttringsinitiativ, bidra till att Axholmen v\u00e4xer och utvecklas. Varf\u00f6r jag valt att arbeta p\u00e5 Axholmen Sunda v\u00e4rderingar, en \u00f6ppen och prestigel\u00f6s kultur samt ett h\u00e4rligt, engagerat och drivet g\u00e4ng. Perfect match!","sameAs":["jennyhasselblad\/"],"url":"https:\/\/axholmen.com\/sv\/author\/jenny-hasselblad\/"}]}},"custom_fields":{"_edit_lock":["1522938974:6"],"_edit_last":["6"],"_thumbnail_id":["779"],"post-list-title":[""],"_post-list-title":["group_post_post-list-title"],"post-list-description":[""],"_post-list-description":["group_post_post-list-description"],"post-list-posts":[""],"_post-list-posts":["group_post_post-list-posts"],"redirect-url":[""],"_redirect-url":["group_post_redirect-url"],"_yoast_wpseo_primary_category":["11"],"_yoast_wpseo_content_score":["30"],"_wpml_media_featured":["1"],"_wpml_media_duplicate":["1"]},"_links":{"self":[{"href":"https:\/\/axholmen.com\/sv\/wp-json\/wp\/v2\/posts\/776","targetHints":{"allow":["GET"]}}],"collection":[{"href":"https:\/\/axholmen.com\/sv\/wp-json\/wp\/v2\/posts"}],"about":[{"href":"https:\/\/axholmen.com\/sv\/wp-json\/wp\/v2\/types\/post"}],"author":[{"embeddable":true,"href":"https:\/\/axholmen.com\/sv\/wp-json\/wp\/v2\/users\/6"}],"replies":[{"embeddable":true,"href":"https:\/\/axholmen.com\/sv\/wp-json\/wp\/v2\/comments?post=776"}],"version-history":[{"count":0,"href":"https:\/\/axholmen.com\/sv\/wp-json\/wp\/v2\/posts\/776\/revisions"}],"wp:featuredmedia":[{"embeddable":true,"href":"https:\/\/axholmen.com\/sv\/wp-json\/wp\/v2\/media\/779"}],"wp:attachment":[{"href":"https:\/\/axholmen.com\/sv\/wp-json\/wp\/v2\/media?parent=776"}],"wp:term":[{"taxonomy":"category","embeddable":true,"href":"https:\/\/axholmen.com\/sv\/wp-json\/wp\/v2\/categories?post=776"},{"taxonomy":"post_tag","embeddable":true,"href":"https:\/\/axholmen.com\/sv\/wp-json\/wp\/v2\/tags?post=776"}],"curies":[{"name":"wp","href":"https:\/\/api.w.org\/{rel}","templated":true}]}}